{"id":2955,"date":"2024-04-29T10:40:24","date_gmt":"2024-04-29T08:40:24","guid":{"rendered":"https:\/\/ietp.thenoklu-studio.com\/conversations-with-senegals-educational-ecosystem-the-imperatives-to-employability\/"},"modified":"2024-07-18T16:57:53","modified_gmt":"2024-07-18T14:57:53","slug":"conversations-with-senegals-educational-ecosystem-the-imperatives-to-employability","status":"publish","type":"post","link":"https:\/\/www.entreprenanteafrique.com\/en\/conversations-with-senegals-educational-ecosystem-the-imperatives-to-employability\/","title":{"rendered":"Conversations with Senegal&#8217;s educational ecosystem: the imperatives to employability"},"content":{"rendered":"<p style=\"text-align: justify;\">Each year, Senegal sees a cohort of 200,000 young people enter the job market, according to official figures from the Ministry of Employment, Vocational Training, Apprenticeship and Integration. Yet, despite this abundance of potential manpower, youth unemployment remains a major concern.<\/p>\n<p style=\"text-align: justify;\">This reality raises a crucial question: why this gap between job supply and demand? And why are so many young graduates struggling to find a place in the job market?<\/p>\n<p style=\"text-align: justify;\">In the 21st century, professions have undergone a continuous and growing evolution, requiring graduates not only to have technical qualities, but above all to be able to demonstrate personal and interpersonal skills and attitudes: soft skills.<\/p>\n<p>In this article, we talk to a number of people involved in education, vocational training and entrepreneurship in Senegal, about updating knowledge and the importance of developing soft skills for employability.<\/p>\n<p>&nbsp;<\/p>\n<blockquote><p><strong><span style=\"color: #c46940;\">&#8221; The skills young people are trained in are not always adapted to the real needs of the job market. &#8220;<\/span><\/strong><\/p><\/blockquote>\n<p style=\"text-align: justify;\">The training of young people must be aligned with the real needs of the labor market to ensure an effective transition from education to employment. On the one hand, this gap can be explained by the fact that too much emphasis is placed on the acquisition of theoretical knowledge to the detriment of practical skills. In the short to medium term, this gap can be bridged by hands-on learning in the early years of training, through internships or work-study schemes. Secondly, there is the technological lag: technological advances are constantly modifying skill requirements, and training programs are not updated quickly enough to keep pace with this evolution.<\/p>\n<p style=\"padding-left: 40px; text-align: justify;\"><strong>\u2013 Florence Diob, <span class=\"NormalTextRun SCXW98111656 BCX8\" data-ccp-parastyle=\"Normal (Web)\">Financing Manager, <\/span><span class=\"NormalTextRun SCXW98111656 BCX8\" data-ccp-parastyle=\"Normal (Web)\">Financing Fund for Vocational and Technical Training<\/span><\/strong><\/p>\n<p>&nbsp;<\/p>\n<blockquote><p><strong><span style=\"color: #c46940;\">&#8221;\u00a0 Developing soft skills as well as hard skills&#8221;<\/span><\/strong><\/p><\/blockquote>\n<p style=\"text-align: justify;\">The quality of education has improved significantly, at least from a technical point of view, but employability requires learners to develop soft skills as well as hard skills. Communicating effectively, resolving conflicts, managing interpersonal relations&#8230; these skills can be acquired through an initial training circuit, but also via continuing and short-term training courses. Working on these aspects enables you to acquire a complete set of skills that are necessary to succeed and assert yourself in a competitive professional world.<\/p>\n<p style=\"padding-left: 40px; text-align: justify;\"><strong>\u2013 Harouna Thiam, <span class=\"NormalTextRun SpellingErrorV2Themed CommentHighlightClicked SCXW57670810 BCX8\" data-ccp-parastyle=\"Normal (Web)\">Responsable<\/span><span class=\"NormalTextRun CommentHighlightClicked SCXW57670810 BCX8\" data-ccp-parastyle=\"Normal (Web)\"> Formation-Insertion &#8211; <\/span><span class=\"NormalTextRun CommentHighlightClicked SCXW57670810 BCX8\" data-ccp-parastyle=\"Normal (Web)\">Ministry of Vocational and Technical Training<\/span><\/strong><\/p>\n<p>&nbsp;<\/p>\n<blockquote><p><strong><span style=\"color: #c46940;\">&#8221; Teach and professionalize &#8220;<\/span><\/strong><\/p><\/blockquote>\n<p style=\"text-align: justify;\">There is a notable difference between teaching, which is the transmission of knowledge and concepts, and professionalizing, which aims to prepare learners for a professional environment by developing practical, applicable skills.<\/p>\n<p style=\"text-align: justify;\">We offer a school-enterprise training program, with two application restaurants and a patisserie, so that students are exposed to a professional environment right from the start of their apprenticeship. Since 2006, we have also set up partnerships with leading hotel establishments to recruit young apprentices. In the near future, we also plan to set up a placement agency for our graduates.<\/p>\n<p style=\"padding-left: 40px; text-align: justify;\"><strong>\u2013 Sidy Dieme, <span class=\"NormalTextRun SCXW61396140 BCX8\" data-ccp-parastyle=\"Normal (Web)\">Director of <\/span><span class=\"NormalTextRun SpellingErrorV2Themed SCXW61396140 BCX8\" data-ccp-parastyle=\"Normal (Web)\">Institut<\/span><span class=\"NormalTextRun SCXW61396140 BCX8\" data-ccp-parastyle=\"Normal (Web)\"> Les Marmitons<\/span><\/strong><a href=\"#_ftn1\" name=\"_ftnref1\">[1]<\/a><\/p>\n<p>&nbsp;<\/p>\n<blockquote><p><strong><span style=\"color: #c46940;\">&#8221; An entrepreneurial school &#8220;<\/span><\/strong><\/p><\/blockquote>\n<p style=\"text-align: justify;\">The vast majority of training courses teach students how to do a job. We have made it our mission to teach them how to create one. Our actions begin in the first year of the bachelor&#8217;s degree, with the inclusion of an entrepreneurial module in the curriculum to complement managerial skills.<\/p>\n<p style=\"text-align: justify;\">The Entrepreneurial School takes place in 3 stages:<\/p>\n<ul style=\"text-align: justify;\">\n<li>Year 1: Discovery of entrepreneurship with a project idea for each student;<\/li>\n<li>Year 2: Students create a mini-company or scenario for a service;<\/li>\n<li>Year 3: Creation of a business plan.<\/li>\n<\/ul>\n<p style=\"text-align: justify;\">We focus specifically on developing the entrepreneurial skills, business knowledge and aptitudes needed to create, manage and develop a successful business.<\/p>\n<p style=\"padding-left: 40px; text-align: justify;\"><strong>\u2013 Georges Ndeye, <span class=\"NormalTextRun SCXW114339657 BCX8\" data-ccp-parastyle=\"Normal (Web)\">Managing Director, ISM <\/span><span class=\"NormalTextRun SCXW114339657 BCX8\" data-ccp-parastyle=\"Normal (Web)\">Ziguinchor<\/span> <\/strong><a href=\"#_ftn1\" name=\"_ftnref1\">[2]<\/a><\/p>\n<p style=\"text-align: justify;\"><a href=\"#_ftnref1\" name=\"_ftn1\"><\/a><\/p>\n<p>&nbsp;<\/p>\n<blockquote><p><strong><span style=\"color: #c46940;\">&#8221; Economists must map employment needs &#8221;\u00a0<\/span><\/strong><\/p><\/blockquote>\n<p style=\"text-align: justify;\">Major labor market trends can be anticipated. Mapping employment needs is crucial to ensuring a better match between supply and demand in the labor market, fostering economic development, reducing unemployment and improving the productivity and competitiveness of workers and companies.<\/p>\n<p style=\"text-align: justify;\">On the other hand, the results of this mapping would enable a greater number of young people to better orient themselves in their choice of academic path, and at the same time prevent a potential skills shortage.<\/p>\n<p style=\"text-align: justify;\"><strong>\u2013 Mame Pemba Balde, HR Manager CRS West Africa <\/strong><a href=\"#_ftn1\" name=\"_ftnref1\">[3]<\/a><\/p>\n<p>&nbsp;<\/p>\n<p style=\"text-align: justify;\">The development of human capital for adaptability and integration skills in a fast-changing job market underlines the importance of rethinking educational strategies. Training programs must now not only motivate students, but also actively prepare them for their future careers by developing their soft skills.<\/p>\n<p style=\"text-align: justify;\">This approach calls for a reassessment of the role of initial training, with the emphasis on boosting self-confidence, individual fulfillment and the development of cross-disciplinary skills through internships and work experience.<\/p>\n<p>En investissant dans le d\u00e9veloppement des soft skills, en adaptant les programmes \u00e9ducatifs aux besoins du march\u00e9 du travail et en favorisant la collaboration entre ces diff\u00e9rents acteurs, le S\u00e9n\u00e9gal peut cr\u00e9er un environnement propice \u00e0 l&#8217;\u00e9panouissement professionnel de sa jeunesse et \u00e0 une croissance \u00e9conomique durable.<\/p>\n<p>&nbsp;<\/p>\n<p style=\"text-align: justify;\"><a href=\"#_ftnref1\" name=\"_ftn1\"><\/a><\/p>\n<hr \/>\n<p style=\"text-align: justify;\"><a href=\"#_ftnref1\" name=\"_ftn1\">[1]<\/a> *Les Marmitons est un institut de formation aux m\u00e9tiers de la gastronomie, de l\u2019h\u00f4tellerie et du tourisme au S\u00e9n\u00e9gal. <a href=\"https:\/\/ecolelesmarmitons.com\/\">En savoir plus<\/a><\/p>\n<p style=\"text-align: justify;\"><a href=\"#_ftnref1\" name=\"_ftn1\">[2]<\/a> ISM Ziguinchor est un \u00e9tablissement d\u2019enseignement priv\u00e9 install\u00e9 \u00e0 Ziguinchor depuis 2005. <a href=\"https:\/\/www.ietp.com\/fr\/entreprises\/ism-ziguinchor\">En savoir plus\u00a0<\/a><\/p>\n<p style=\"text-align: justify;\"><a href=\"#_ftnref1\" name=\"_ftn1\">[3]<\/a> CRS est une organisation humanitaire internationale, dont les objectifs comprennent la fourniture d\u2019aide d&#8217;urgence, la promotion du d\u00e9veloppement \u00e9conomique et social, ainsi que le plaidoyer pour la justice sociale <a href=\"https:\/\/www.crs.org\/\">En savoir plus<\/a>.<\/p>\n<p style=\"text-align: justify;\">\n","protected":false},"excerpt":{"rendered":"<p>Each year, Senegal sees a cohort of 200,000 young people enter the job market, according to official figures from the Ministry of Employment, Vocational Training, Apprenticeship and Integration. Yet, despite this abundance of potential manpower, youth unemployment remains a major concern. This reality raises a crucial question: why this gap between job supply and demand? [&hellip;]<\/p>\n","protected":false},"author":17,"featured_media":2950,"comment_status":"closed","ping_status":"open","sticky":false,"template":"","format":"standard","meta":{"slider_show":"","footnotes":""},"categories":[35,34],"tags":[217,59,85,77,161,162],"thematiques":[],"coauthors":[107],"class_list":["post-2955","post","type-post","status-publish","format-standard","has-post-thumbnail","hentry","category-perspectives","category-testimonials","tag-africa","tag-education-en","tag-emploi-en","tag-senegal-en","tag-training","tag-youth"],"yoast_head":"<!-- This site is optimized with the Yoast SEO plugin v25.9 - https:\/\/yoast.com\/wordpress\/plugins\/seo\/ -->\n<title>Conversations with Senegal&#039;s educational ecosystem: the imperatives to employability - Entreprenante Afrique<\/title>\n<meta name=\"description\" content=\"Conversations with Senegal&#039;s educational ecosystem: the imperatives to employability\" \/>\n<meta name=\"robots\" content=\"index, follow, max-snippet:-1, max-image-preview:large, max-video-preview:-1\" \/>\n<link rel=\"canonical\" href=\"https:\/\/www.entreprenanteafrique.com\/entretiens-avec-lecosysteme-educatif-au-senegal-les-imperatifs-a-lemployabilite\/\" \/>\n<meta property=\"og:locale\" content=\"en_US\" \/>\n<meta property=\"og:type\" content=\"article\" \/>\n<meta property=\"og:title\" content=\"Conversations with Senegal&#039;s educational ecosystem: the imperatives to employability - Entreprenante Afrique\" \/>\n<meta property=\"og:description\" content=\"Conversations with Senegal&#039;s educational ecosystem: the imperatives to employability\" \/>\n<meta property=\"og:url\" content=\"https:\/\/www.entreprenanteafrique.com\/entretiens-avec-lecosysteme-educatif-au-senegal-les-imperatifs-a-lemployabilite\/\" \/>\n<meta property=\"og:site_name\" content=\"Entreprenante Afrique\" \/>\n<meta property=\"article:published_time\" content=\"2024-04-29T08:40:24+00:00\" \/>\n<meta property=\"article:modified_time\" content=\"2024-07-18T14:57:53+00:00\" \/>\n<meta property=\"og:image\" content=\"https:\/\/www.entreprenanteafrique.com\/wp-content\/uploads\/2024\/04\/Z3A7494-1024x683.png\" \/>\n\t<meta property=\"og:image:width\" content=\"1024\" \/>\n\t<meta property=\"og:image:height\" content=\"683\" \/>\n\t<meta property=\"og:image:type\" content=\"image\/png\" \/>\n<meta name=\"author\" content=\"Awu Morgane\" \/>\n<meta name=\"twitter:card\" content=\"summary_large_image\" \/>\n<meta name=\"twitter:label1\" content=\"Written by\" \/>\n\t<meta name=\"twitter:data1\" content=\"Awu Morgane\" \/>\n\t<meta name=\"twitter:label2\" content=\"Est. reading time\" \/>\n\t<meta name=\"twitter:data2\" content=\"5 minutes\" \/>\n<script type=\"application\/ld+json\" class=\"yoast-schema-graph\">{\"@context\":\"https:\/\/schema.org\",\"@graph\":[{\"@type\":\"WebPage\",\"@id\":\"https:\/\/www.entreprenanteafrique.com\/entretiens-avec-lecosysteme-educatif-au-senegal-les-imperatifs-a-lemployabilite\/\",\"url\":\"https:\/\/www.entreprenanteafrique.com\/entretiens-avec-lecosysteme-educatif-au-senegal-les-imperatifs-a-lemployabilite\/\",\"name\":\"Conversations with Senegal's educational ecosystem: the imperatives to employability - Entreprenante Afrique\",\"isPartOf\":{\"@id\":\"https:\/\/www.entreprenanteafrique.com\/#website\"},\"primaryImageOfPage\":{\"@id\":\"https:\/\/www.entreprenanteafrique.com\/entretiens-avec-lecosysteme-educatif-au-senegal-les-imperatifs-a-lemployabilite\/#primaryimage\"},\"image\":{\"@id\":\"https:\/\/www.entreprenanteafrique.com\/entretiens-avec-lecosysteme-educatif-au-senegal-les-imperatifs-a-lemployabilite\/#primaryimage\"},\"thumbnailUrl\":\"https:\/\/www.entreprenanteafrique.com\/wp-content\/uploads\/2024\/04\/Z3A7494.png\",\"datePublished\":\"2024-04-29T08:40:24+00:00\",\"dateModified\":\"2024-07-18T14:57:53+00:00\",\"author\":{\"@id\":\"https:\/\/www.entreprenanteafrique.com\/#\/schema\/person\/8141a1aed938f2025e81958d2cd3cbda\"},\"description\":\"Conversations with Senegal's educational ecosystem: the imperatives to employability\",\"breadcrumb\":{\"@id\":\"https:\/\/www.entreprenanteafrique.com\/entretiens-avec-lecosysteme-educatif-au-senegal-les-imperatifs-a-lemployabilite\/#breadcrumb\"},\"inLanguage\":\"en-US\",\"potentialAction\":[{\"@type\":\"ReadAction\",\"target\":[\"https:\/\/www.entreprenanteafrique.com\/entretiens-avec-lecosysteme-educatif-au-senegal-les-imperatifs-a-lemployabilite\/\"]}]},{\"@type\":\"ImageObject\",\"inLanguage\":\"en-US\",\"@id\":\"https:\/\/www.entreprenanteafrique.com\/entretiens-avec-lecosysteme-educatif-au-senegal-les-imperatifs-a-lemployabilite\/#primaryimage\",\"url\":\"https:\/\/www.entreprenanteafrique.com\/wp-content\/uploads\/2024\/04\/Z3A7494.png\",\"contentUrl\":\"https:\/\/www.entreprenanteafrique.com\/wp-content\/uploads\/2024\/04\/Z3A7494.png\",\"width\":5522,\"height\":3681,\"caption\":\"Les Marmitons \u00a9Tevin Lima-Agence F\u00ebnt, 2023\"},{\"@type\":\"BreadcrumbList\",\"@id\":\"https:\/\/www.entreprenanteafrique.com\/entretiens-avec-lecosysteme-educatif-au-senegal-les-imperatifs-a-lemployabilite\/#breadcrumb\",\"itemListElement\":[{\"@type\":\"ListItem\",\"position\":1,\"name\":\"Accueil\",\"item\":\"https:\/\/www.entreprenanteafrique.com\/en\/\"},{\"@type\":\"ListItem\",\"position\":2,\"name\":\"Conversations with Senegal&#8217;s educational ecosystem: the imperatives to employability\"}]},{\"@type\":\"WebSite\",\"@id\":\"https:\/\/www.entreprenanteafrique.com\/#website\",\"url\":\"https:\/\/www.entreprenanteafrique.com\/\",\"name\":\"Entreprenante Afrique\",\"description\":\"Penser et agir pour l\u2019entrepreneuriat en Afrique\",\"potentialAction\":[{\"@type\":\"SearchAction\",\"target\":{\"@type\":\"EntryPoint\",\"urlTemplate\":\"https:\/\/www.entreprenanteafrique.com\/?s={search_term_string}\"},\"query-input\":{\"@type\":\"PropertyValueSpecification\",\"valueRequired\":true,\"valueName\":\"search_term_string\"}}],\"inLanguage\":\"en-US\"},{\"@type\":\"Person\",\"@id\":\"https:\/\/www.entreprenanteafrique.com\/#\/schema\/person\/8141a1aed938f2025e81958d2cd3cbda\",\"name\":\"Awu Morgane\",\"image\":{\"@type\":\"ImageObject\",\"inLanguage\":\"en-US\",\"@id\":\"https:\/\/www.entreprenanteafrique.com\/#\/schema\/person\/image\/837932b3fe978d2a405f10dd83a84a7b\",\"url\":\"https:\/\/www.entreprenanteafrique.com\/wp-content\/uploads\/2021\/09\/MicrosoftTeams-image-150x150.jpg\",\"contentUrl\":\"https:\/\/www.entreprenanteafrique.com\/wp-content\/uploads\/2021\/09\/MicrosoftTeams-image-150x150.jpg\",\"caption\":\"Awu Morgane\"},\"description\":\"Morgane AWU est charg\u00e9e de communication du programme I&amp;P Acc\u00e9l\u00e9ration au Sahel depuis mars 2020. Bas\u00e9e aujourd'hui \u00e0 Abidjan, Morgane a \u00e9t\u00e9 charg\u00e9e de mission au sein de Empow\u2019Her C\u00f4te d\u2019Ivoire, une ONG \u0153uvrant pour l\u2019autonomisation de la femme \u00e0 travers l\u2019entrepreneuriat pendant 8 mois. Elle a ensuite rejoint la famille I&amp;P en travaillant d\u2019abord en tant que charg\u00e9e de projets au sein du Club Africain des Entrepreneurs pendant 1 an. Morgane est titulaire d\u2019un master en d\u00e9veloppement \u00e9conomique et social \u00e0 l\u2019IEDES-Universit\u00e9 Panth\u00e9on-Sorbonne.\",\"url\":\"https:\/\/www.entreprenanteafrique.com\/en\/author\/morgane-awu\/\"}]}<\/script>\n<!-- \/ Yoast SEO plugin. -->","yoast_head_json":{"title":"Conversations with Senegal's educational ecosystem: the imperatives to employability - Entreprenante Afrique","description":"Conversations with Senegal's educational ecosystem: the imperatives to employability","robots":{"index":"index","follow":"follow","max-snippet":"max-snippet:-1","max-image-preview":"max-image-preview:large","max-video-preview":"max-video-preview:-1"},"canonical":"https:\/\/www.entreprenanteafrique.com\/entretiens-avec-lecosysteme-educatif-au-senegal-les-imperatifs-a-lemployabilite\/","og_locale":"en_US","og_type":"article","og_title":"Conversations with Senegal's educational ecosystem: the imperatives to employability - Entreprenante Afrique","og_description":"Conversations with Senegal's educational ecosystem: the imperatives to employability","og_url":"https:\/\/www.entreprenanteafrique.com\/entretiens-avec-lecosysteme-educatif-au-senegal-les-imperatifs-a-lemployabilite\/","og_site_name":"Entreprenante Afrique","article_published_time":"2024-04-29T08:40:24+00:00","article_modified_time":"2024-07-18T14:57:53+00:00","og_image":[{"width":1024,"height":683,"url":"https:\/\/www.entreprenanteafrique.com\/wp-content\/uploads\/2024\/04\/Z3A7494-1024x683.png","type":"image\/png"}],"author":"Awu Morgane","twitter_card":"summary_large_image","twitter_misc":{"Written by":"Awu Morgane","Est. reading time":"5 minutes"},"schema":{"@context":"https:\/\/schema.org","@graph":[{"@type":"WebPage","@id":"https:\/\/www.entreprenanteafrique.com\/entretiens-avec-lecosysteme-educatif-au-senegal-les-imperatifs-a-lemployabilite\/","url":"https:\/\/www.entreprenanteafrique.com\/entretiens-avec-lecosysteme-educatif-au-senegal-les-imperatifs-a-lemployabilite\/","name":"Conversations with Senegal's educational ecosystem: the imperatives to employability - Entreprenante Afrique","isPartOf":{"@id":"https:\/\/www.entreprenanteafrique.com\/#website"},"primaryImageOfPage":{"@id":"https:\/\/www.entreprenanteafrique.com\/entretiens-avec-lecosysteme-educatif-au-senegal-les-imperatifs-a-lemployabilite\/#primaryimage"},"image":{"@id":"https:\/\/www.entreprenanteafrique.com\/entretiens-avec-lecosysteme-educatif-au-senegal-les-imperatifs-a-lemployabilite\/#primaryimage"},"thumbnailUrl":"https:\/\/www.entreprenanteafrique.com\/wp-content\/uploads\/2024\/04\/Z3A7494.png","datePublished":"2024-04-29T08:40:24+00:00","dateModified":"2024-07-18T14:57:53+00:00","author":{"@id":"https:\/\/www.entreprenanteafrique.com\/#\/schema\/person\/8141a1aed938f2025e81958d2cd3cbda"},"description":"Conversations with Senegal's educational ecosystem: the imperatives to employability","breadcrumb":{"@id":"https:\/\/www.entreprenanteafrique.com\/entretiens-avec-lecosysteme-educatif-au-senegal-les-imperatifs-a-lemployabilite\/#breadcrumb"},"inLanguage":"en-US","potentialAction":[{"@type":"ReadAction","target":["https:\/\/www.entreprenanteafrique.com\/entretiens-avec-lecosysteme-educatif-au-senegal-les-imperatifs-a-lemployabilite\/"]}]},{"@type":"ImageObject","inLanguage":"en-US","@id":"https:\/\/www.entreprenanteafrique.com\/entretiens-avec-lecosysteme-educatif-au-senegal-les-imperatifs-a-lemployabilite\/#primaryimage","url":"https:\/\/www.entreprenanteafrique.com\/wp-content\/uploads\/2024\/04\/Z3A7494.png","contentUrl":"https:\/\/www.entreprenanteafrique.com\/wp-content\/uploads\/2024\/04\/Z3A7494.png","width":5522,"height":3681,"caption":"Les Marmitons \u00a9Tevin Lima-Agence F\u00ebnt, 2023"},{"@type":"BreadcrumbList","@id":"https:\/\/www.entreprenanteafrique.com\/entretiens-avec-lecosysteme-educatif-au-senegal-les-imperatifs-a-lemployabilite\/#breadcrumb","itemListElement":[{"@type":"ListItem","position":1,"name":"Accueil","item":"https:\/\/www.entreprenanteafrique.com\/en\/"},{"@type":"ListItem","position":2,"name":"Conversations with Senegal&#8217;s educational ecosystem: the imperatives to employability"}]},{"@type":"WebSite","@id":"https:\/\/www.entreprenanteafrique.com\/#website","url":"https:\/\/www.entreprenanteafrique.com\/","name":"Entreprenante Afrique","description":"Penser et agir pour l\u2019entrepreneuriat en Afrique","potentialAction":[{"@type":"SearchAction","target":{"@type":"EntryPoint","urlTemplate":"https:\/\/www.entreprenanteafrique.com\/?s={search_term_string}"},"query-input":{"@type":"PropertyValueSpecification","valueRequired":true,"valueName":"search_term_string"}}],"inLanguage":"en-US"},{"@type":"Person","@id":"https:\/\/www.entreprenanteafrique.com\/#\/schema\/person\/8141a1aed938f2025e81958d2cd3cbda","name":"Awu Morgane","image":{"@type":"ImageObject","inLanguage":"en-US","@id":"https:\/\/www.entreprenanteafrique.com\/#\/schema\/person\/image\/837932b3fe978d2a405f10dd83a84a7b","url":"https:\/\/www.entreprenanteafrique.com\/wp-content\/uploads\/2021\/09\/MicrosoftTeams-image-150x150.jpg","contentUrl":"https:\/\/www.entreprenanteafrique.com\/wp-content\/uploads\/2021\/09\/MicrosoftTeams-image-150x150.jpg","caption":"Awu Morgane"},"description":"Morgane AWU est charg\u00e9e de communication du programme I&amp;P Acc\u00e9l\u00e9ration au Sahel depuis mars 2020. Bas\u00e9e aujourd'hui \u00e0 Abidjan, Morgane a \u00e9t\u00e9 charg\u00e9e de mission au sein de Empow\u2019Her C\u00f4te d\u2019Ivoire, une ONG \u0153uvrant pour l\u2019autonomisation de la femme \u00e0 travers l\u2019entrepreneuriat pendant 8 mois. Elle a ensuite rejoint la famille I&amp;P en travaillant d\u2019abord en tant que charg\u00e9e de projets au sein du Club Africain des Entrepreneurs pendant 1 an. Morgane est titulaire d\u2019un master en d\u00e9veloppement \u00e9conomique et social \u00e0 l\u2019IEDES-Universit\u00e9 Panth\u00e9on-Sorbonne.","url":"https:\/\/www.entreprenanteafrique.com\/en\/author\/morgane-awu\/"}]}},"_links":{"self":[{"href":"https:\/\/www.entreprenanteafrique.com\/en\/wp-json\/wp\/v2\/posts\/2955","targetHints":{"allow":["GET"]}}],"collection":[{"href":"https:\/\/www.entreprenanteafrique.com\/en\/wp-json\/wp\/v2\/posts"}],"about":[{"href":"https:\/\/www.entreprenanteafrique.com\/en\/wp-json\/wp\/v2\/types\/post"}],"author":[{"embeddable":true,"href":"https:\/\/www.entreprenanteafrique.com\/en\/wp-json\/wp\/v2\/users\/17"}],"replies":[{"embeddable":true,"href":"https:\/\/www.entreprenanteafrique.com\/en\/wp-json\/wp\/v2\/comments?post=2955"}],"version-history":[{"count":1,"href":"https:\/\/www.entreprenanteafrique.com\/en\/wp-json\/wp\/v2\/posts\/2955\/revisions"}],"predecessor-version":[{"id":2956,"href":"https:\/\/www.entreprenanteafrique.com\/en\/wp-json\/wp\/v2\/posts\/2955\/revisions\/2956"}],"wp:featuredmedia":[{"embeddable":true,"href":"https:\/\/www.entreprenanteafrique.com\/en\/wp-json\/wp\/v2\/media\/2950"}],"wp:attachment":[{"href":"https:\/\/www.entreprenanteafrique.com\/en\/wp-json\/wp\/v2\/media?parent=2955"}],"wp:term":[{"taxonomy":"category","embeddable":true,"href":"https:\/\/www.entreprenanteafrique.com\/en\/wp-json\/wp\/v2\/categories?post=2955"},{"taxonomy":"post_tag","embeddable":true,"href":"https:\/\/www.entreprenanteafrique.com\/en\/wp-json\/wp\/v2\/tags?post=2955"},{"taxonomy":"thematiques","embeddable":true,"href":"https:\/\/www.entreprenanteafrique.com\/en\/wp-json\/wp\/v2\/thematiques?post=2955"},{"taxonomy":"author","embeddable":true,"href":"https:\/\/www.entreprenanteafrique.com\/en\/wp-json\/wp\/v2\/coauthors?post=2955"}],"curies":[{"name":"wp","href":"https:\/\/api.w.org\/{rel}","templated":true}]}}